{"id":14,"__str__":"An\u00e1lise de Contas do Executivo","link_detail_backend":"/comissao/reuniao/14","metadata":{},"numero":8,"nome":"An\u00e1lise de Contas do Executivo","tema":"Leitura Relat\u00f3rio","data":"2020-06-02","hora_inicio":"09:00:00","hora_fim":"09:36:00","local_reuniao":"Sala da Comunidade","observacao":"Reuniu-se na C\u00e2mara Municipal de Baixo Guandu, Estado do Esp\u00edrito Santo a Comiss\u00e3o Permanente de Finan\u00e7as, composta pelos vereadores Varli Queiroz (Lico), Jos\u00e9 Carlos Vieira e Aguinaldo da Penha, todos os membros efetivos desta comiss\u00e3o. Aberta a reuni\u00e3o, entrou em Pauta a Presta\u00e7\u00e3o de Contas do Executivo n\u00ba 1 de 2020, Autor: Tribunal de Contas Esp\u00edrito Santo - TCES - Last\u00eanio Luiz Cardoso - Per\u00edodo 2012. O Relator Aguinaldo da Penha, Por tudo o que foi debatido e sustentado no processo sob o n\u00ba 001/2020, protocolado sob o n\u00ba 93/2020, na data de 06 de Mar\u00e7o de 2020, com sustent\u00e1culo nas disposi\u00e7\u00f5es da Lei Org\u00e2nica Municipal e no Regimento Interno desta Casa de Leis, encaminha VOTO para que a comiss\u00e3o o adote como fundamento para julgar as contas do exerc\u00edcio de 2012, de responsabilidade do senhor Last\u00eanio Luiz Cardoso ap\u00f3s apresenta\u00e7\u00e3o de defesa e an\u00e1lise da mesma, pela REJEI\u00c7\u00c3O. Seguindo o voto do Relator o Presidente da Comiss\u00e3o Varli Queiroz, encaminha voto pela REJEI\u00c7\u00c3O das contas do exerc\u00edcio de 2012 de responsabilidade do senhor Last\u00eanio Luiz Cardoso;\r\nO Vereador Jos\u00e9 Carlos Vieira, discorda do voto do relator referente as contas do exerc\u00edcio de 2012 de responsabilidade do senhor Last\u00eanio Luiz Cardoso como apresentado de forma escrita no respectivo processo;\r\nAssim por Maioria absoluta de votos encaminha decreto pela REJEI\u00c7\u00c3O das contas do Exerc\u00edcio de 2012, sob a Responsabilidade do Senhor Last\u00eanio Luiz Cardoso que comunira na Edi\u00e7\u00e3o do Projeto de Decreto pela REJEI\u00c7\u00c3O DAS CONTAS DO EXECUTIVO. N\u00e3o havendo o uso da palavra pelos presentes, o Presidente da Comiss\u00e3o Permanente de Finan\u00e7as declarou encerrada a sess\u00e3o. Lavrada a presente ata, ap\u00f3s lida e achada conforme, vai assinada pela Comiss\u00e3o, sendo registrada na forma de costume.","url_audio":"","url_video":"","upload_pauta":null,"upload_ata":null,"upload_anexo":null,"periodo":3,"comissao":2}