{"id":2539,"__str__":"Projeto de Lei Ordin\u00e1ria n\u00ba 63 de 2023","link_detail_backend":"/materia/2539","metadata":{"signs":{"texto_original":{"admin":[],"autores":[["Leandro Gomes da Cruz",["2023-11-28T09:27:05-03:00","ICP-Brasil - Certificado PF A1"]]]}}},"numero":63,"ano":2023,"numero_protocolo":442,"data_apresentacao":"2023-11-28","tipo_apresentacao":"","data_publicacao":null,"numero_origem_externa":"","ano_origem_externa":null,"data_origem_externa":null,"apelido":"","dias_prazo":null,"data_fim_prazo":null,"em_tramitacao":true,"polemica":false,"objeto":"","complementar":false,"ementa":"D\u00e1 denomina\u00e7\u00e3o ao Posto de Sa\u00fade do Bairro Santa M\u00f4nica/S\u00e3o Jos\u00e9, que ter\u00e1 como denomina\u00e7\u00e3o Oficial \u201cJOS\u00c9 ANDR\u00c9 VER\u00cdSSIMO\u201d.","indexacao":"","observacao":"","resultado":"","texto_original":"http://sapl.baixoguandu.es.leg.br/media/sapl/public/materialegislativa/2023/2539/projeto_de_lei_nomenclatura_de_ruas_-_jose_andre.pdf","data_ultima_atualizacao":"2023-12-04T09:53:58.144875-03:00","ip":"","ultima_edicao":null,"tipo":5,"regime_tramitacao":1,"tipo_origem_externa":null,"local_origem_externa":null,"user":null,"anexadas":[],"autores":[36]}